{"id":205,"date":"2024-08-09T20:26:56","date_gmt":"2024-08-09T18:26:56","guid":{"rendered":"https:\/\/tello.pl\/?p=205"},"modified":"2024-10-05T12:46:34","modified_gmt":"2024-10-05T10:46:34","slug":"oferujesz-noclegi-nierozkladanie-recznikow-na-suszarce-moze-prowadzic-do-zawilgocenia-scian-i-rozwoju-plesni","status":"publish","type":"post","link":"https:\/\/tello.pl\/en\/2024\/08\/09\/oferujesz-noclegi-nierozkladanie-recznikow-na-suszarce-moze-prowadzic-do-zawilgocenia-scian-i-rozwoju-plesni\/","title":{"rendered":"Oferujesz noclegi? Nierozk\u0142adanie r\u0119cznik\u00f3w na suszarce mo\u017ce prowadzi\u0107 do zawilgocenia \u015bcian i rozwoju ple\u015bni"},"content":{"rendered":"<p>Suszenie r\u0119cznik\u00f3w na rozk\u0142adanych suszarkach przynosi szereg korzy\u015bci nie tylko w mieszkaniach prywatnych. Ma ono tak\u017ce znacznie zar\u00f3wno dla go\u015bci w domach wypoczynkowych, apartamentach, hotelach i o\u015brodkach wypoczynkowych, jak i dla zarz\u0105dzaj\u0105cych tymi obiektami. Cho\u0107 na pierwszy rzut oka <strong>rozwieszanie r\u0119cznik\u00f3w na suszarce<\/strong> mo\u017ce si\u0119 wydawa\u0107 ma\u0142o istotnym detalem, to jednak spos\u00f3b, w jaki suszone s\u0105 r\u0119czniki, ma wp\u0142yw nie tylko na zdrowie i komfort pobytu, ale tak\u017ce na unikni\u0119cie zawilgocenia \u015bcian i rozwoju ple\u015bni.<\/p>\n\n\n\n<h2 class=\"wp-block-heading\"><strong>Komfort go\u015bci i zachowanie wysokiego poziomu higieny<\/strong><\/h2>\n\n\n\n<p>Jednym z najwa\u017cniejszych aspekt\u00f3w dla obiekt\u00f3w oferuj\u0105cych noclegi jest zapewnienie go\u015bciom komfortu podczas ich pobytu. R\u0119czniki, to jeden z podstawowych element\u00f3w wyposa\u017cenia ka\u017cdej \u0142azienki, powinny wi\u0119c by\u0107 traktowane ze szczeg\u00f3ln\u0105 uwag\u0105. Go\u015bcie doceniaj\u0105, gdy r\u0119czniki s\u0105 mi\u0119kkie, \u015bwie\u017ce i przyjemne w dotyku, a to jest trudne do osi\u0105gni\u0119cia, gdy w obiekcie wypoczynkowym brakuje miejsca do ich <a href=\"https:\/\/tello.com.pl\/s\/5\/male-suszarki-na-pranie\">wygodnego rozwieszenia i wysuszenia<\/a>.<\/p>\n\n\n\n<h2 class=\"wp-block-heading\"><strong>Suszenie r\u0119cznik\u00f3w a zdrowie<\/strong><\/h2>\n\n\n\n<p>R\u0119czniki najlepiej jest suszy\u0107 w pozycji rozwieszonej, aby umo\u017cliwi\u0107 cyrkulacj\u0119 powietrza, dzi\u0119ki temu powietrze wok\u00f3\u0142 nich mo\u017ce swobodnie przep\u0142ywa\u0107, a to przyspiesza ich suszenie. W warunkach, gdy r\u0119czniki zostaj\u0105 wilgotne, namna\u017caj\u0105 si\u0119 w nich bakterie i szybko przestaj\u0105 by\u0107 higienicznie czyste. Korzystanie z takich r\u0119cznik\u00f3w mo\u017ce mie\u0107 <a href=\"https:\/\/polki.pl\/dom\/porady-domowe,ta-jedna-rzecz-jest-siedliskiem-bakterii-w-lazience-nigdy-nie-odkladaj-jej-w-ten-sposob,10458737,artykul.html\">negatywny wp\u0142yw na zdrowie<\/a>. Ca\u0142kowite wysuszenie mokrych r\u0119cznik\u00f3w jest wi\u0119c kluczowe, aby nie sta\u0142y si\u0119 one siedliskiem bakterii. R\u0119czniki suszone w roz\u0142o\u017conej pozycji na <strong>odpowiedniej<\/strong> <strong>suszarce <\/strong>b\u0119d\u0105 mniej podatne na rozw\u00f3j niepo\u017c\u0105danych mikroorganizm\u00f3w.<\/p>\n\n\n\n<p>Nale\u017cy podkre\u015bli\u0107, \u017ce r\u0119czniki suszone na rozk\u0142adanych suszarkach, w przeciwie\u0144stwie do tych, kt\u00f3re s\u0105 przerzucane przez oparcia krzese\u0142, barierki balkon\u00f3w lub pozostawiane zwini\u0119te w \u0142azience, <strong>schn\u0105 r\u00f3wnomiernie<\/strong> i s\u0105 <strong>gotowe do ponownego u\u017cytku <\/strong>w kr\u00f3tszym czasie. Ponadto rozk\u0142adanie r\u0119cznik\u00f3w na suszarkach na pranie <strong>zapobiega powstawaniu nieprzyjemnych zapach\u00f3w<\/strong>, kt\u00f3re mog\u0105 wyst\u0105pi\u0107, gdy materia\u0142 nie schnie odpowiednio szybko i wilgo\u0107 zostaje zatrzymana. <\/p>\n\n\n\n<p class=\"has-text-align-center has-small-font-size\"><img loading=\"lazy\" decoding=\"async\" width=\"600\" height=\"381\" class=\"wp-image-208\" style=\"width: 600px;\" src=\"http:\/\/tello.pl\/wp-content\/uploads\/2024\/08\/pomaranczowe-reczniki.webp\" alt=\"Czyste pomara\u0144czowe r\u0119czniki u\u0142o\u017cone w kostk\u0119\" srcset=\"https:\/\/tello.pl\/wp-content\/uploads\/2024\/08\/pomaranczowe-reczniki.webp 1280w, https:\/\/tello.pl\/wp-content\/uploads\/2024\/08\/pomaranczowe-reczniki-300x191.webp 300w, https:\/\/tello.pl\/wp-content\/uploads\/2024\/08\/pomaranczowe-reczniki-1024x650.webp 1024w, https:\/\/tello.pl\/wp-content\/uploads\/2024\/08\/pomaranczowe-reczniki-768x488.webp 768w, https:\/\/tello.pl\/wp-content\/uploads\/2024\/08\/pomaranczowe-reczniki-18x12.webp 18w\" sizes=\"auto, (max-width: 600px) 100vw, 600px\" \/><\/p>\n\n\n\n<h2 class=\"wp-block-heading\"><strong>Elastyczno\u015b\u0107 i praktyczno\u015b\u0107<\/strong><\/h2>\n\n\n\n<p>Na rynku dost\u0119pne s\u0105 r\u00f3\u017cne suszarki na pranie. Rozk\u0142adane suszarki s\u0105 niezwykle praktyczne i elastyczne w u\u017cyciu. Mo\u017cna je \u0142atwo przenosi\u0107 i ustawia\u0107 w r\u00f3\u017cnych miejscach, co pozwala dostosowa\u0107 je do potrzeb go\u015bci oraz warunk\u00f3w lokalowych. Do ka\u017cdej wynajmowanej powierzchni mo\u017cna wi\u0119c dopasowa\u0107 odpowiedni\u0105 suszark\u0119. Od ma\u0142ych, lekkich suszarek z haczykiem, kt\u00f3re mo\u017cna \u0142atwo przestawia\u0107, sk\u0142ada\u0107 i przechowywa\u0107 w ka\u017cdej szafie, przed du\u017ce z rozk\u0142adanymi ramionami, pionowe z kilkoma pi\u0119trami albo <a href=\"https:\/\/tello.com.pl\/suszarki-na-pranie\/205-universal-suszarka-na-pranie-rorets-7315542265507.html\">takie<\/a>, kt\u00f3re mo\u017cna zamocowa\u0107 na kaloryferze lub barierce najmniejszego nawet balkonu. Gdy suszarka nie jest u\u017cywana, mo\u017cna j\u0105 z \u0142atwo\u015bci\u0105 z\u0142o\u017cy\u0107 i schowa\u0107, dzi\u0119ki czemu nie zajmuje miejsca w pokoju lub \u0142azience.<\/p>\n\n\n\n<p class=\"has-text-align-center\"> <a href=\"https:\/\/tello.com.pl\/15-suszarki-na-pranie\"><img loading=\"lazy\" decoding=\"async\" width=\"800\" height=\"450\" class=\"wp-image-209\" style=\"width: 800px;\" src=\"http:\/\/tello.pl\/wp-content\/uploads\/2024\/08\/Suszarki_baner.webp\" alt=\"Suszarki na pranie, r\u00f3\u017cne modele \u2014 du\u017ce, ma\u0142e i pionowe\" srcset=\"https:\/\/tello.pl\/wp-content\/uploads\/2024\/08\/Suszarki_baner.webp 2240w, https:\/\/tello.pl\/wp-content\/uploads\/2024\/08\/Suszarki_baner-300x169.webp 300w, https:\/\/tello.pl\/wp-content\/uploads\/2024\/08\/Suszarki_baner-1024x576.webp 1024w, https:\/\/tello.pl\/wp-content\/uploads\/2024\/08\/Suszarki_baner-768x432.webp 768w, https:\/\/tello.pl\/wp-content\/uploads\/2024\/08\/Suszarki_baner-1536x864.webp 1536w, https:\/\/tello.pl\/wp-content\/uploads\/2024\/08\/Suszarki_baner-2048x1152.webp 2048w, https:\/\/tello.pl\/wp-content\/uploads\/2024\/08\/Suszarki_baner-18x10.webp 18w\" sizes=\"auto, (max-width: 800px) 100vw, 800px\" \/><\/a><\/p>\n\n\n\n<p><\/p>\n\n\n\n<div class=\"wp-block-group has-nv-light-bg-background-color has-background\"><div class=\"wp-block-group__inner-container is-layout-constrained wp-block-group-is-layout-constrained\">\n<div class=\"wp-block-group is-vertical is-content-justification-stretch is-layout-flex wp-container-core-group-is-layout-b16ad781 wp-block-group-is-layout-flex\">\n<h3 class=\"wp-block-heading has-text-align-left\"><strong>Dlaczego nierozk\u0142adanie r\u0119cznik\u00f3w na suszarce do prania <\/strong><\/h3>\n\n\n\n<h3 class=\"wp-block-heading has-text-align-left\"><strong>mo\u017ce prowadzi\u0107<\/strong> <strong>do zawilgocenia \u015bcian<\/strong> <strong>i rozwoju ple\u015bni?<\/strong><\/h3>\n<\/div>\n\n\n\n<ol start=\"1\" class=\"wp-block-list\">\n<li class=\"has-medium-font-size\"><strong>Zatrzymywanie wilgoci w pomieszczeniu. <\/strong>R\u0119czniki, kt\u00f3re nie s\u0105 rozwieszone w spos\u00f3b umo\u017cliwiaj\u0105cy dobr\u0105 cyrkulacj\u0119 powietrza, zatrzymuj\u0105 wilgo\u0107 i powoduj\u0105, \u017ce nie ma ona mo\u017cliwo\u015bci, aby r\u00f3wnomiernie odparowa\u0107. Kiedy r\u0119czniki pozostaj\u0105 z\u0142o\u017cone lub powieszone w nieroz\u0142o\u017conej formie \u2013 szczeg\u00f3lnie w pomieszczeniach, kt\u00f3re s\u0105 s\u0142abo wentylowane \u2013 wilgo\u0107 uwalnia si\u0119 z nich powoli, kumuluje, pozostaje w powietrzu i mo\u017ce osiada\u0107 na \u015bcianach, oknach i innych powierzchniach. Z czasem mo\u017ce to prowadzi\u0107 do wch\u0142aniania wilgoci przez \u015bciany.<\/li>\n\n\n\n<li class=\"has-medium-font-size\"><strong>Rozw\u00f3j ple\u015bni<\/strong>. Je\u015bli wilgo\u0107 z mokrych r\u0119cznik\u00f3w regularnie gromadzi si\u0119 w powietrzu, z biegiem czasu mo\u017ce przenika\u0107 do struktury \u015bcian, tworz\u0105c idealne \u015brodowisko dla rozwoju ple\u015bni. Je\u015bli r\u0119czniki nie s\u0105 odpowiednio suszone, wilgotno\u015b\u0107 mo\u017ce szybko osi\u0105gn\u0105\u0107 poziom sprzyjaj\u0105cy rozwojowi ple\u015bni. Ple\u015b\u0144 mo\u017ce nie tylko niszczy\u0107 materia\u0142y budowlane, ale tak\u017ce stanowi\u0107 zagro\u017cenie dla zdrowia, powoduj\u0105c problemy z oddychaniem, alergie i inne dolegliwo\u015bci.<\/li>\n\n\n\n<li class=\"has-medium-font-size\"><strong>Powtarzaj\u0105ce si\u0119 sytuacje<\/strong>: Regularne pozostawianie wilgotnych r\u0119cznik\u00f3w w s\u0142abo wentylowanych pomieszczeniach mo\u017ce powodowa\u0107, \u017ce problem wilgoci i ple\u015bni b\u0119dzie si\u0119 pog\u0142\u0119bia\u0142. Ka\u017cde kolejne suszenie r\u0119cznik\u00f3w w takich warunkach zwi\u0119ksza ryzyko, \u017ce wilgo\u0107 z czasem b\u0119dzie gromadzi\u0107 si\u0119 w materia\u0142ach budowlanych, co mo\u017ce prowadzi\u0107 do trwa\u0142ych uszkodze\u0144 i konieczno\u015bci kosztownych remont\u00f3w.<\/li>\n<\/ol>\n<\/div><\/div>\n\n\n\n<h2 class=\"wp-block-heading\"><strong>Podsumowanie<\/strong><\/h2>\n\n\n\n<p>Suszenie r\u0119cznik\u00f3w na rozk\u0142adanych suszarkach w domach wypoczynkowych, apartamentach na wynajem, hotelach i innych obiektach oferuj\u0105cych noclegi to praktyczne rozwi\u0105zanie, kt\u00f3re przynosi korzy\u015bci zar\u00f3wno go\u015bciom, jak i w\u0142a\u015bcicielom wspomnianych obiekt\u00f3w. Zapewnia ono komfort u\u017cytkowania i wpisuje si\u0119 w trendy zwi\u0105zane z odpowiedzialnym zarz\u0105dzaniem obiektami. To proste, ale <a href=\"https:\/\/tello.com.pl\/s\/5\/male-suszarki-na-pranie\">efektywne rozwi\u0105zanie<\/a> mo\u017ce znacz\u0105co podnie\u015b\u0107 komfort go\u015bci podczas korzystania z obiekt\u00f3w wypoczynkowych oraz zminimalizowa\u0107 ryzyko zawilgocenia \u015bcian i unikn\u0105\u0107 kosztownych remont\u00f3w zwi\u0105zanych z rozwojem niechcianej ple\u015bni.<\/p>","protected":false},"excerpt":{"rendered":"<p>Suszenie r\u0119cznik\u00f3w na rozk\u0142adanych suszarkach przynosi szereg korzy\u015bci nie tylko w mieszkaniach prywatnych. Ma ono tak\u017ce znacznie zar\u00f3wno dla go\u015bci w domach wypoczynkowych, apartamentach, hotelach i o\u015brodkach wypoczynkowych, jak i dla zarz\u0105dzaj\u0105cych tymi obiektami. Cho\u0107 na pierwszy rzut oka rozwieszanie r\u0119cznik\u00f3w na suszarce mo\u017ce si\u0119 wydawa\u0107 ma\u0142o istotnym detalem, to jednak spos\u00f3b, w jaki suszone&hellip;&nbsp;<a href=\"https:\/\/tello.pl\/en\/2024\/08\/09\/oferujesz-noclegi-nierozkladanie-recznikow-na-suszarce-moze-prowadzic-do-zawilgocenia-scian-i-rozwoju-plesni\/\" class=\"\" rel=\"bookmark\">Read More &raquo;<span class=\"screen-reader-text\">Oferujesz noclegi? Nierozk\u0142adanie r\u0119cznik\u00f3w na suszarce mo\u017ce prowadzi\u0107 do zawilgocenia \u015bcian i rozwoju ple\u015bni<\/span><\/a><\/p>","protected":false},"author":2,"featured_media":207,"comment_status":"open","ping_status":"open","sticky":false,"template":"","format":"standard","meta":{"neve_meta_sidebar":"","neve_meta_container":"","neve_meta_enable_content_width":"","neve_meta_content_width":0,"neve_meta_title_alignment":"","neve_meta_author_avatar":"","neve_post_elements_order":"","neve_meta_disable_header":"","neve_meta_disable_footer":"","neve_meta_disable_title":"","footnotes":""},"categories":[14],"tags":[],"class_list":["post-205","post","type-post","status-publish","format-standard","has-post-thumbnail","hentry","category-komfort"],"_links":{"self":[{"href":"https:\/\/tello.pl\/en\/wp-json\/wp\/v2\/posts\/205","targetHints":{"allow":["GET"]}}],"collection":[{"href":"https:\/\/tello.pl\/en\/wp-json\/wp\/v2\/posts"}],"about":[{"href":"https:\/\/tello.pl\/en\/wp-json\/wp\/v2\/types\/post"}],"author":[{"embeddable":true,"href":"https:\/\/tello.pl\/en\/wp-json\/wp\/v2\/users\/2"}],"replies":[{"embeddable":true,"href":"https:\/\/tello.pl\/en\/wp-json\/wp\/v2\/comments?post=205"}],"version-history":[{"count":6,"href":"https:\/\/tello.pl\/en\/wp-json\/wp\/v2\/posts\/205\/revisions"}],"predecessor-version":[{"id":323,"href":"https:\/\/tello.pl\/en\/wp-json\/wp\/v2\/posts\/205\/revisions\/323"}],"wp:featuredmedia":[{"embeddable":true,"href":"https:\/\/tello.pl\/en\/wp-json\/wp\/v2\/media\/207"}],"wp:attachment":[{"href":"https:\/\/tello.pl\/en\/wp-json\/wp\/v2\/media?parent=205"}],"wp:term":[{"taxonomy":"category","embeddable":true,"href":"https:\/\/tello.pl\/en\/wp-json\/wp\/v2\/categories?post=205"},{"taxonomy":"post_tag","embeddable":true,"href":"https:\/\/tello.pl\/en\/wp-json\/wp\/v2\/tags?post=205"}],"curies":[{"name":"wp","href":"https:\/\/api.w.org\/{rel}","templated":true}]}}