{"id":267,"date":"2024-09-04T20:22:36","date_gmt":"2024-09-04T18:22:36","guid":{"rendered":"https:\/\/tello.pl\/?p=267"},"modified":"2024-11-01T21:29:18","modified_gmt":"2024-11-01T20:29:18","slug":"naprawa-szlifierki-katowej-czy-warto-zlecic-naprawe","status":"publish","type":"post","link":"https:\/\/tello.pl\/en\/2024\/09\/04\/naprawa-szlifierki-katowej-czy-warto-zlecic-naprawe\/","title":{"rendered":"Szlifierka k\u0105towa. Czy warto zleci\u0107 napraw\u0119?"},"content":{"rendered":"<p>Szlifierka to niezast\u0105pione narz\u0119dzie dla wielu specjalist\u00f3w, kt\u00f3re umo\u017cliwia precyzyjn\u0105 obr\u00f3bk\u0119 materia\u0142\u00f3w, takich jak metal, drewno czy kamie\u0144. Przez wiele lat pracy zawodowej u\u017cywa\u0142em szlifierki k\u0105towej DeWalt na tarcz\u0119 o \u015brednicy 125 \u2300. W tym artykule odpowiem na pytanie, dlaczego nie chcia\u0142em wyrzuci\u0107 swojej leciwej ju\u017c szlifierki, czy uda\u0142o si\u0119 j\u0105 naprawi\u0107 i co by\u0142o powodem, \u017ce przesta\u0142a dzia\u0142a\u0107.<\/p>\n\n\n\n<h2 class=\"wp-block-heading\">Kilka s\u0142\u00f3w o szlifierce k\u0105towej<\/h2>\n\n\n\n<p>Szlifierk\u0119 kupi\u0142em jakie\u015b 15 lat temu. U\u017cywa\u0142em jej praktycznie codziennie. Jestem dekarzem z 26-letnim do\u015bwiadczeniem w bran\u017cy. Przeprowadzam remonty dach\u00f3w i wykonuj\u0119 nowe pokrycia dachowe z takich materia\u0142\u00f3w jak: dach\u00f3wka, kamie\u0144 naturalny, blacha czy papa. Jestem te\u017c licencjonowanym monterem okien dachowych FAKRO i VELUX. Od dnia zakupu szlifierka by\u0142a u\u017cywana przeze mnie praktycznie codziennie. Wykorzystywa\u0142em j\u0105 do ci\u0119cia ceramiki, metalu czy do szlifowania belek konstrukcyjnych, \u0142at, desek, listew lub boazerii. <strong>Por\u0119czne<\/strong> i <strong>praktyczne narz\u0119dzie<\/strong>, kt\u00f3re przez wiele lat pracy <strong>nigdy mnie nie zawiod\u0142o<\/strong>. Nie mia\u0142o znaczenia, w jakich warunkach u\u017cywa\u0142em szlifierki, czy by\u0142o +30, czy -15\u00b0C. Gdy j\u0105 za\u0142\u0105cza\u0142em, to po prostu dzia\u0142a\u0142a i robi\u0142a swoje. Czas i nat\u0119\u017cenie pracy r\u00f3wnie\u017c nie mia\u0142y znaczenia, przez ca\u0142y czas pracy, <strong>szlifierka chodzi\u0142a, jak nale\u017cy<\/strong>.<\/p>\n\n\n<div class=\"wp-block-image\">\n<figure class=\"aligncenter size-large is-resized\"><img loading=\"lazy\" decoding=\"async\" width=\"1024\" height=\"768\" src=\"http:\/\/tello.pl\/wp-content\/uploads\/2024\/09\/20240804_190402-1024x768.webp\" alt=\"Szlifierka k\u0105towa i rami\u0119 m\u0119\u017cczyzny\" class=\"wp-image-271\" style=\"width:717px;height:auto\" srcset=\"https:\/\/tello.pl\/wp-content\/uploads\/2024\/09\/20240804_190402-1024x768.webp 1024w, https:\/\/tello.pl\/wp-content\/uploads\/2024\/09\/20240804_190402-300x225.webp 300w, https:\/\/tello.pl\/wp-content\/uploads\/2024\/09\/20240804_190402-768x576.webp 768w, https:\/\/tello.pl\/wp-content\/uploads\/2024\/09\/20240804_190402-1536x1152.webp 1536w, https:\/\/tello.pl\/wp-content\/uploads\/2024\/09\/20240804_190402-2048x1536.webp 2048w, https:\/\/tello.pl\/wp-content\/uploads\/2024\/09\/20240804_190402-16x12.webp 16w\" sizes=\"auto, (max-width: 1024px) 100vw, 1024px\" \/><\/figure>\n<\/div>\n\n\n<h2 class=\"wp-block-heading\">Awaria szlifierki<\/h2>\n\n\n\n<p>Jednak po 15 latach intensywnego u\u017cytkowania moja szlifierka uleg\u0142a awarii, spod obudowy polecia\u0142 dym i sprz\u0119t si\u0119 zatrzyma\u0142. Oczywi\u015bcie potrzebowa\u0142em narz\u0119dzia do pracy, wi\u0119c kupi\u0142em inn\u0105, potem nast\u0119pn\u0105, jednak poniewa\u017c opisywana szlifierka by\u0142a zdecydowanie najlepszym i najbardziej niezawodnym sprz\u0119tem, jakim pracowa\u0142em (a przez lata pracy, u\u017cywa\u0142em przynajmniej kilkadziesi\u0105t innych), nie chcia\u0142em wyrzuca\u0107 jej na \u015bmietnik. Postanowi\u0142em poszuka\u0107 serwisu, kt\u00f3ry zajmuje si\u0119 <a href=\"https:\/\/tello.pl\/en\/tello-technik\/\">napraw\u0105 elektronarz\u0119dzi.<\/a> Ku mojemu zadowoleniu znalaz\u0142em odpowiedni serwis niedaleko mojego miejsca zamieszkania w Zielonej G\u00f3rze. Zak\u0142ad specjalizuje si\u0119 w <strong>pogwarancyjnym serwisie elektronarz\u0119dzi<\/strong>, w<strong> regeneracji baterii<\/strong> i <strong>przewijaniu wirnik\u00f3w<\/strong> oraz <strong>stojan\u00f3w<\/strong>.<\/p>\n\n\n\n<h2 class=\"wp-block-heading\">Oddanie szlifierki do naprawy<\/h2>\n\n\n\n<p>Serwis podj\u0105\u0142 si\u0119 przegl\u0105du i ustalenia przyczyny awarii oraz ewentualnej naprawy sprz\u0119tu. Bardzo zale\u017ca\u0142o mi na naprawie szlifierki, my\u015bl\u0119, \u017ce niejeden fachowiec mnie zrozumie, przywi\u0105za\u0142em si\u0119 do tego sprz\u0119tu na tyle mocno, \u017ce wola\u0142em nawet zap\u0142aci\u0107 za napraw\u0119 sprawdzonego sprz\u0119tu r\u00f3wnowarto\u015b\u0107 nowej szlifierki, ni\u017c j\u0105 wyrzuci\u0107 i zamieni\u0107 na inny model, bo wiem, \u017ce ten nie pos\u0142u\u017cy\u0142by mi cho\u0107by w po\u0142owie przez tyle lat, ile oddana do naprawy szlifierka.<\/p>\n\n\n<div class=\"wp-block-image\">\n<figure class=\"aligncenter size-large is-resized\"><img loading=\"lazy\" decoding=\"async\" width=\"768\" height=\"1024\" src=\"http:\/\/tello.pl\/wp-content\/uploads\/2024\/09\/20240804_190353-768x1024.webp\" alt=\"Szlifierka k\u0105towa w pionie\" class=\"wp-image-270\" style=\"width:473px;height:auto\" srcset=\"https:\/\/tello.pl\/wp-content\/uploads\/2024\/09\/20240804_190353-768x1024.webp 768w, https:\/\/tello.pl\/wp-content\/uploads\/2024\/09\/20240804_190353-225x300.webp 225w, https:\/\/tello.pl\/wp-content\/uploads\/2024\/09\/20240804_190353-1152x1536.webp 1152w, https:\/\/tello.pl\/wp-content\/uploads\/2024\/09\/20240804_190353-1536x2048.webp 1536w, https:\/\/tello.pl\/wp-content\/uploads\/2024\/09\/20240804_190353-9x12.webp 9w, https:\/\/tello.pl\/wp-content\/uploads\/2024\/09\/20240804_190353-scaled.webp 1920w\" sizes=\"auto, (max-width: 768px) 100vw, 768px\" \/><\/figure>\n<\/div>\n\n\n<h2 class=\"wp-block-heading\">Diagnoza awarii szlifierki<\/h2>\n\n\n\n<p>Serwis szybko zdiagnozowa\u0142 problem. Przyczyn\u0105 awarii by\u0142o <strong>uszkodzenie stojana<\/strong>. Jak si\u0119 okaza\u0142o, takie objawy, jak <strong>brak reakcji<\/strong> szlifierki i nieuruchamianie si\u0119 \u2013 mimo \u017ce pr\u0105d dochodzi do urz\u0105dzenia oraz <strong>pojawienie si\u0119 dymu<\/strong> z okolic wirnika, nale\u017c\u0105 do najcz\u0119stszych objaw\u00f3w tego typu uszkodze\u0144. Je\u015bli wi\u0119c zauwa\u017cysz powy\u017csze objawy, istnieje du\u017ce prawdopodobie\u0144stwo, \u017ce to w\u0142a\u015bnie stojan jest uszkodzony. Warto wtedy <a href=\"https:\/\/tello.pl\/en\/\">poszuka\u0107 serwisu<\/a>, kt\u00f3ry zajmuje si\u0119 napraw\u0105 tej cz\u0119\u015bci.<\/p>\n\n\n\n<h2 class=\"wp-block-heading\">Czym jest stojan i jak dzia\u0142a?<\/h2>\n\n\n\n<p>Stojan to kluczowy element ka\u017cdego silnika elektrycznego. W szlifierce stojan pe\u0142ni rol\u0119 statycznej cz\u0119\u015bci silnika, wok\u00f3\u0142 kt\u00f3rej obraca si\u0119 wirnik (rotor). Sk\u0142ada si\u0119 z rdzenia wykonanego z warstw blachy stalowej oraz uzwoje\u0144 z drutu miedzianego, kt\u00f3re tworz\u0105 elektromagnesy. Gdy pr\u0105d elektryczny przep\u0142ywa przez uzwojenia, generuje pole magnetyczne, kt\u00f3re wsp\u00f3\u0142dzia\u0142a z wirnikiem, powoduj\u0105c jego obr\u00f3t. W ten spos\u00f3b powstaje ruch obrotowy, kt\u00f3ry nap\u0119dza narz\u0119dzie.<\/p>\n\n\n\n<div class=\"wp-block-group has-very-light-gray-to-cyan-bluish-gray-gradient-background has-background\"><div class=\"wp-block-group__inner-container is-layout-constrained wp-block-group-is-layout-constrained\">\n<h2 class=\"wp-block-heading\">Dlaczego stojan si\u0119 psuje?<\/h2>\n\n\n\n<p>Stojan mo\u017ce ulec uszkodzeniu z r\u00f3\u017cnych powod\u00f3w. Do najcz\u0119stszych nale\u017c\u0105:<\/p>\n\n\n\n<ul class=\"wp-block-list\">\n<li><strong>Przegrzewanie si\u0119 silnika<\/strong>: Wysoka temperatura mo\u017ce spowodowa\u0107 stopienie izolacji na uzwojeniach, co prowadzi do zwarcia.<\/li>\n\n\n\n<li><strong>Przepi\u0119cia elektryczne<\/strong>: Nag\u0142e skoki napi\u0119cia mog\u0105 uszkodzi\u0107 delikatne uzwojenia stojana.<\/li>\n\n\n\n<li><strong>Uszkodzenie mechaniczne<\/strong>: Wstrz\u0105sy lub upadki mog\u0105 spowodowa\u0107 uszkodzenie rdzenia lub przewod\u00f3w.<\/li>\n\n\n\n<li><strong>Zu\u017cycie naturalne<\/strong>: Jak ka\u017cde urz\u0105dzenie, szlifierka z czasem si\u0119 zu\u017cywa, a intensywne u\u017cytkowanie przyspiesza ten proces.<\/li>\n<\/ul>\n<\/div><\/div>\n\n\n\n<p>W przypadku mojego sprz\u0119tu przyczyn\u0105 awarii by\u0142o naturalne zu\u017cycie intensywnie u\u017cywanego narz\u0119dzia.<\/p>\n\n\n\n<h2 class=\"wp-block-heading\">Naprawa szlifierki<\/h2>\n\n\n\n<p>Naprawa szlifierki wymaga\u0142a do\u015bwiadczenia, sprz\u0119tu diagnostycznego i odpowiednich narz\u0119dzi. Szlifierka zosta\u0142a zdemontowana, odkr\u0119cono obudow\u0119, wyj\u0119to wirnik i odkr\u0119cono stojan, kt\u00f3ry &nbsp;by\u0142 &nbsp;zamocowany za pomoc\u0105 kilku \u015brub. Dopiero wtedy mo\u017cna by\u0142o wyj\u0105\u0107 stojan z obudowy. W serwisie usuni\u0119to uszkodzone uzwojenie, wyczyszczono rdze\u0144 stojana i nawini\u0119to nowe uzwojenie. Po z\u0142o\u017ceniu szlifierki i zamontowaniu obudowy, urz\u0105dzenie zosta\u0142o przetestowane.<\/p>\n\n\n\n<h2 class=\"wp-block-heading\">Podsumowanie<\/h2>\n\n\n\n<p><strong>Szlifierka<\/strong> <strong>dzia\u0142a bez zarzut\u00f3w<\/strong>, p\u0142ynnie i bez niepokoj\u0105cych d\u017awi\u0119k\u00f3w czy iskrzenia. Warto by\u0142o zleci\u0107 diagnoz\u0119 i napraw\u0119 szlifierki \u2013 dobrze, \u017ce s\u0105 takie miejsca, kt\u00f3re daj\u0105 naszym narz\u0119dziom drugie \u017cycie. Naprawa szlifierki z uszkodzonym stojanem nie jest zadaniem \u0142atwym, ale mo\u017cna j\u0105 zleci\u0107 <a href=\"https:\/\/tello.pl\/en\/tello-technik\/\">serwisom zajmuj\u0105cym si\u0119 napraw\u0105 elektronarz\u0119dzi<\/a>. Kluczowe jest dok\u0142adne zdiagnozowanie problemu. Dzi\u0119ki temu moja szlifierka b\u0119dzie z pewno\u015bci\u0105 s\u0142u\u017cy\u0107 przez kolejne d\u0142ugie lata.<\/p>","protected":false},"excerpt":{"rendered":"<p>Szlifierka to niezast\u0105pione narz\u0119dzie dla wielu specjalist\u00f3w, kt\u00f3re umo\u017cliwia precyzyjn\u0105 obr\u00f3bk\u0119 materia\u0142\u00f3w, takich jak metal, drewno czy kamie\u0144. Przez wiele lat pracy zawodowej u\u017cywa\u0142em szlifierki k\u0105towej DeWalt na tarcz\u0119 o \u015brednicy 125 \u2300. W tym artykule odpowiem na pytanie, dlaczego nie chcia\u0142em wyrzuci\u0107 swojej leciwej ju\u017c szlifierki, czy uda\u0142o si\u0119 j\u0105 naprawi\u0107 i co by\u0142o&hellip;&nbsp;<a href=\"https:\/\/tello.pl\/en\/2024\/09\/04\/naprawa-szlifierki-katowej-czy-warto-zlecic-naprawe\/\" class=\"\" rel=\"bookmark\">Read More &raquo;<span class=\"screen-reader-text\">Szlifierka k\u0105towa. Czy warto zleci\u0107 napraw\u0119?<\/span><\/a><\/p>","protected":false},"author":2,"featured_media":269,"comment_status":"open","ping_status":"open","sticky":false,"template":"","format":"standard","meta":{"neve_meta_sidebar":"","neve_meta_container":"","neve_meta_enable_content_width":"","neve_meta_content_width":0,"neve_meta_title_alignment":"","neve_meta_author_avatar":"","neve_post_elements_order":"","neve_meta_disable_header":"","neve_meta_disable_footer":"","neve_meta_disable_title":"","footnotes":""},"categories":[15],"tags":[],"class_list":["post-267","post","type-post","status-publish","format-standard","has-post-thumbnail","hentry","category-technik"],"_links":{"self":[{"href":"https:\/\/tello.pl\/en\/wp-json\/wp\/v2\/posts\/267","targetHints":{"allow":["GET"]}}],"collection":[{"href":"https:\/\/tello.pl\/en\/wp-json\/wp\/v2\/posts"}],"about":[{"href":"https:\/\/tello.pl\/en\/wp-json\/wp\/v2\/types\/post"}],"author":[{"embeddable":true,"href":"https:\/\/tello.pl\/en\/wp-json\/wp\/v2\/users\/2"}],"replies":[{"embeddable":true,"href":"https:\/\/tello.pl\/en\/wp-json\/wp\/v2\/comments?post=267"}],"version-history":[{"count":4,"href":"https:\/\/tello.pl\/en\/wp-json\/wp\/v2\/posts\/267\/revisions"}],"predecessor-version":[{"id":291,"href":"https:\/\/tello.pl\/en\/wp-json\/wp\/v2\/posts\/267\/revisions\/291"}],"wp:featuredmedia":[{"embeddable":true,"href":"https:\/\/tello.pl\/en\/wp-json\/wp\/v2\/media\/269"}],"wp:attachment":[{"href":"https:\/\/tello.pl\/en\/wp-json\/wp\/v2\/media?parent=267"}],"wp:term":[{"taxonomy":"category","embeddable":true,"href":"https:\/\/tello.pl\/en\/wp-json\/wp\/v2\/categories?post=267"},{"taxonomy":"post_tag","embeddable":true,"href":"https:\/\/tello.pl\/en\/wp-json\/wp\/v2\/tags?post=267"}],"curies":[{"name":"wp","href":"https:\/\/api.w.org\/{rel}","templated":true}]}}