{"id":293,"date":"2024-09-24T11:51:02","date_gmt":"2024-09-24T09:51:02","guid":{"rendered":"https:\/\/tello.pl\/?p=293"},"modified":"2024-09-25T12:01:02","modified_gmt":"2024-09-25T10:01:02","slug":"praktyczne-akcesoria-do-domu-mala-deska-do-prasowania-z-haczykiem-do-powieszenia","status":"publish","type":"post","link":"https:\/\/tello.pl\/en\/2024\/09\/24\/praktyczne-akcesoria-do-domu-mala-deska-do-prasowania-z-haczykiem-do-powieszenia\/","title":{"rendered":"Praktyczne akcesoria do domu \u2013 ma\u0142a deska do prasowania z haczykiem do powieszenia"},"content":{"rendered":"<p>Cenimy sobie przestrze\u0144 w naszych mieszkaniach. Szczeg\u00f3lnie gdy mieszkanie nie jest du\u017ce, ka\u017cdy centymetr ma znaczenie, a inteligentne rozwi\u0105zania do organizacji wn\u0119trz pomagaj\u0105 maksymalnie wykorzysta\u0107 dost\u0119pne miejsce. Jednym z takich rozwi\u0105za\u0144 jest <strong>ma\u0142a deska do prasowania z haczykiem do powieszenia w szafie<\/strong>. Cho\u0107 na pierwszy rzut oka mo\u017ce wydawa\u0107 si\u0119 prostym przedmiotem, kt\u00f3ry nie mo\u017ce niczym zaskoczy\u0107, to po sprawdzeniu w u\u017cyciu zalety ma\u0142ej deski do prasowania s\u0105 nie do przecenienia. Oto kilka powod\u00f3w, dla kt\u00f3rych warto zainwestowa\u0107 w to praktyczne akcesorium.<\/p>\n\n\n\n<h2 class=\"wp-block-heading\"><strong>1. Oszcz\u0119dno\u015b\u0107 miejsca<\/strong><\/h2>\n\n\n\n<p>Wielu z nas zmaga si\u0119 z problemem niewielkich mieszka\u0144, w kt\u00f3rych ka\u017cda wolna przestrze\u0144 jest na wag\u0119 z\u0142ota. Du\u017ca deska do prasowania, kt\u00f3ra musi by\u0107 roz\u0142o\u017cona i przechowywana w specjalnym miejscu, bywa uci\u0105\u017cliwa. <a href=\"https:\/\/tello.com.pl\/s\/1\/male-deski-do-prasowania\">Ma\u0142a deska ze specjalnym haczykiem<\/a> umo\u017cliwiaj\u0105cym powieszenie jej w szafie lub innym wybranym przez siebie miejscu to \u015bwietne rozwi\u0105zanie dla tych, kt\u00f3rzy ceni\u0105 sobie <strong>praktyczne i wygodne rozwi\u0105zania<\/strong>. Dzi\u0119ki kompaktowym rozmiarom mo\u017cna j\u0105 \u0142atwo ukry\u0107 w szafie, gdzie nie b\u0119dzie przeszkadza\u0107 ani zajmowa\u0107 cennej przestrzeni na pod\u0142odze. Deska, kt\u00f3r\u0105 sprawdzili\u015bmy, wa\u017cy jedynie 2,4 kg, a jej d\u0142ugo\u015b\u0107 po z\u0142o\u017ceniu bez haczyka wynosi 118 cm (z haczykiem 127 cm). Ma\u0142a deska jest wi\u0119c bardzo lekka i na tyle w\u0105ska, \u017ce wsz\u0119dzie \u0142atwo si\u0119 zmie\u015bci.<\/p>\n\n\n<div class=\"wp-block-image\">\n<figure class=\"aligncenter size-full is-resized\"><img loading=\"lazy\" decoding=\"async\" width=\"2240\" height=\"1260\" src=\"http:\/\/tello.pl\/wp-content\/uploads\/2024\/09\/deska-i-grafika.webp\" alt=\"Ma\u0142a deska do prasowani i grafika pokazuj\u0105ca sk\u0142adanie i odwieszanie deski do szafy.\" class=\"wp-image-299\" style=\"width:1038px;height:auto\" srcset=\"https:\/\/tello.pl\/wp-content\/uploads\/2024\/09\/deska-i-grafika.webp 2240w, https:\/\/tello.pl\/wp-content\/uploads\/2024\/09\/deska-i-grafika-300x169.webp 300w, https:\/\/tello.pl\/wp-content\/uploads\/2024\/09\/deska-i-grafika-1024x576.webp 1024w, https:\/\/tello.pl\/wp-content\/uploads\/2024\/09\/deska-i-grafika-768x432.webp 768w, https:\/\/tello.pl\/wp-content\/uploads\/2024\/09\/deska-i-grafika-1536x864.webp 1536w, https:\/\/tello.pl\/wp-content\/uploads\/2024\/09\/deska-i-grafika-2048x1152.webp 2048w, https:\/\/tello.pl\/wp-content\/uploads\/2024\/09\/deska-i-grafika-18x10.webp 18w\" sizes=\"auto, (max-width: 2240px) 100vw, 2240px\" \/><\/figure>\n<\/div>\n\n\n<h2 class=\"wp-block-heading\"><strong>2. Mobilno\u015b\u0107 i wygoda<\/strong><\/h2>\n\n\n\n<p>Kompaktowe rozmiary ma\u0142ej deski sprawiaj\u0105, \u017ce jest ona niezwykle \u0142atwa w przenoszeniu. Je\u015bli nie masz sta\u0142ego miejsca do prasowania, cz\u0119sto si\u0119 przemieszczasz lub wynajmujesz mieszkanie, z pewno\u015bci\u0105 docenisz jej mobilno\u015b\u0107. Zamiast transportowa\u0107 tradycyjn\u0105, du\u017c\u0105 desk\u0119, mo\u017cesz po prostu zabra\u0107 lekk\u0105, por\u0119czn\u0105 wersj\u0119. Wspomniany wy\u017cej haczyk, kt\u00f3ry umo\u017cliwia wygodne zawieszenie deski w szafie, czy na \u015bcianie lub drzwiach dodatkowo podnosi jej funkcjonalno\u015b\u0107. Tak\u017ce rozk\u0142adanie i sk\u0142adanie ma\u0142ej deski dzi\u0119ki przemy\u015blanej konstrukcji n\u00f3g jest niezmiernie proste i bezpieczne. Wystarczy jedno klikni\u0119cie i deska jest z\u0142o\u017cona. <a href=\"https:\/\/www.facebook.com\/Rorets\/videos\/2031628550191872\/\">Zobacz jakie to wygodne<\/a>!<\/p>\n\n\n\n<h2 class=\"wp-block-heading\"><strong>3. Idealna do prasowania r\u00f3\u017cnych element\u00f3w garderoby<\/strong><\/h2>\n\n\n\n<p>Je\u015bli Twoje potrzeby zwi\u0105zane z prasowaniem s\u0105 niewielkie \u2013 prasujesz g\u0142\u00f3wnie koszule, bluzki czy inne drobne elementy garderoby \u2013 ma\u0142a deska b\u0119dzie idealnym rozwi\u0105zaniem. Sprawdzi si\u0119 tak\u017ce przy prasowaniu dzieci\u0119cych ubra\u0144. Dla os\u00f3b, kt\u00f3re nie musz\u0105 regularnie prasowa\u0107 du\u017cych rzeczy, takich jak obrusy czy zas\u0142ony, mniejszy model deski jest wystarczaj\u0105cy i zdecydowanie wygodniejszy. <a href=\"https:\/\/tello.com.pl\/deski-do-prasowania\/160-84-mala-lekka-deska-do-prasowania-tempo-rorets-7315542617009.html#\/28-wzor-kolibri_blue\">Ma\u0142a deska do prasowania<\/a> ma mniejszy blat (30&nbsp;\u00d7&nbsp;85 cm) i standardow\u0105 wysoko\u015b\u0107 po roz\u0142o\u017ceniu (88 cm) \u2013 dzi\u0119ki tak zaprojektowanym gabarytom nie trzeba si\u0119 schyla\u0107 ani garbi\u0107 przy prasowaniu, a to zdecydowany plus dla kondycji naszych plec\u00f3w.<\/p>\n\n\n\n<h2 class=\"wp-block-heading\"><strong>4. Stylowy i minimalistyczny design<\/strong><\/h2>\n\n\n\n<p>Nowoczesne deski do prasowania dost\u0119pne s\u0105 w r\u00f3\u017cnych stylach, kt\u00f3re \u0142atwo dopasowa\u0107 do wn\u0119trza. Cz\u0119sto maj\u0105 minimalistyczny wygl\u0105d. Mo\u017cna znale\u017a\u0107 takie, kt\u00f3re wyko\u0144czone s\u0105 wyj\u0105tkowo \u0142adnymi pokrowcami z naturalnej bawe\u0142ny, co sprawia, \u017ce s\u0105 nie tylko praktyczne, ale tak\u017ce estetyczne. Ich prosta konstrukcja oraz mo\u017cliwo\u015b\u0107 schowania ich w szafie pozwalaj\u0105 na utrzymanie porz\u0105dku, bez konieczno\u015bci trzymania sprz\u0119tu na widoku.<\/p>\n\n\n<div class=\"wp-block-image\">\n<figure class=\"aligncenter size-large is-resized\"><a href=\"https:\/\/tello.com.pl\/deski-do-prasowania\/249-mala-deska-do-prasowania-tempo-space-grey-rorets-7315542617900.html\"><img loading=\"lazy\" decoding=\"async\" width=\"1024\" height=\"576\" src=\"http:\/\/tello.pl\/wp-content\/uploads\/2024\/09\/baner_trzy-deski-1024x576.webp\" alt=\"Grafika przedstawiaj\u0105ca trzy ma\u0142e deski do prasowania z haczykiem do powieszenia.\" class=\"wp-image-294\" style=\"width:918px;height:auto\" srcset=\"https:\/\/tello.pl\/wp-content\/uploads\/2024\/09\/baner_trzy-deski-1024x576.webp 1024w, https:\/\/tello.pl\/wp-content\/uploads\/2024\/09\/baner_trzy-deski-300x169.webp 300w, https:\/\/tello.pl\/wp-content\/uploads\/2024\/09\/baner_trzy-deski-768x432.webp 768w, https:\/\/tello.pl\/wp-content\/uploads\/2024\/09\/baner_trzy-deski-1536x864.webp 1536w, https:\/\/tello.pl\/wp-content\/uploads\/2024\/09\/baner_trzy-deski-2048x1152.webp 2048w, https:\/\/tello.pl\/wp-content\/uploads\/2024\/09\/baner_trzy-deski-18x10.webp 18w\" sizes=\"auto, (max-width: 1024px) 100vw, 1024px\" \/><\/a><\/figure>\n<\/div>\n\n\n<h2 class=\"wp-block-heading\"><strong>5. Funkcjonalno\u015b\u0107 dla ma\u0142ych i du\u017cych przestrzeni<\/strong><\/h2>\n\n\n\n<p><a href=\"https:\/\/tello.com.pl\/s\/1\/male-deski-do-prasowania\">Ma\u0142a deska do prasowania z haczykiem<\/a> to rozwi\u0105zanie stworzone z my\u015bl\u0105 o ma\u0142ych przestrzeniach, cho\u0107 doskonale sprawdz\u0105 si\u0119 tak\u017ce w wi\u0119kszych mieszkaniach czy domach. Niezale\u017cnie od tego, czy mieszkasz w kawalerce, ma\u0142ym apartamencie, mieszkaniu czy oferujesz pokoje do wynaj\u0119cia, ta deska b\u0119dzie idealnym dodatkiem. Deska zaprojektowana jest w taki spos\u00f3b, aby mo\u017cna by\u0142o chwyci\u0107 po ni\u0105 w ka\u017cdej chwili, wyprasowa\u0107 potrzebn\u0105 rzecz i bez wi\u0119kszego wysi\u0142ku schowa\u0107 j\u0105 w szafie, gdy nie b\u0119dzie ju\u017c potrzebna. To czyni j\u0105 doskona\u0142\u0105 opcj\u0105 dla wszystkich, kt\u00f3rzy ceni\u0105 sobie funkcjonalno\u015b\u0107 i wygod\u0119.<\/p>\n\n\n\n<h2 class=\"wp-block-heading\"><strong>Podsumowanie<\/strong><\/h2>\n\n\n\n<p><strong>Ma\u0142a deska do prasowania z haczykiem do powieszenia w szafie<\/strong> to doskona\u0142e rozwi\u0105zanie dla os\u00f3b, kt\u00f3re chc\u0105 zaoszcz\u0119dzi\u0107 miejsce i zyska\u0107 praktyczny, funkcjonalny sprz\u0119t domowy. Dzi\u0119ki kompaktowym rozmiarom, \u0142atwo\u015bci przechowywania oraz wygodzie u\u017cytkowania, ma\u0142a deska staje si\u0119 coraz bardziej popularna. Je\u015bli zale\u017cy Ci na organizacji przestrzeni i funkcjonalno\u015bci, warto rozwa\u017cy\u0107 zakup takiej deski do swojego domu. To ma\u0142a zmiana, kt\u00f3ra mo\u017ce wprowadzi\u0107 du\u017c\u0105 wygod\u0119 do Twojej codzienno\u015bci!<\/p>","protected":false},"excerpt":{"rendered":"<p>Cenimy sobie przestrze\u0144 w naszych mieszkaniach. Szczeg\u00f3lnie gdy mieszkanie nie jest du\u017ce, ka\u017cdy centymetr ma znaczenie, a inteligentne rozwi\u0105zania do organizacji wn\u0119trz pomagaj\u0105 maksymalnie wykorzysta\u0107 dost\u0119pne miejsce. Jednym z takich rozwi\u0105za\u0144 jest ma\u0142a deska do prasowania z haczykiem do powieszenia w szafie. Cho\u0107 na pierwszy rzut oka mo\u017ce wydawa\u0107 si\u0119 prostym przedmiotem, kt\u00f3ry nie mo\u017ce&hellip;&nbsp;<a href=\"https:\/\/tello.pl\/en\/2024\/09\/24\/praktyczne-akcesoria-do-domu-mala-deska-do-prasowania-z-haczykiem-do-powieszenia\/\" class=\"\" rel=\"bookmark\">Read More &raquo;<span class=\"screen-reader-text\">Praktyczne akcesoria do domu \u2013 ma\u0142a deska do prasowania z haczykiem do powieszenia<\/span><\/a><\/p>","protected":false},"author":2,"featured_media":303,"comment_status":"open","ping_status":"open","sticky":false,"template":"","format":"standard","meta":{"neve_meta_sidebar":"","neve_meta_container":"","neve_meta_enable_content_width":"","neve_meta_content_width":0,"neve_meta_title_alignment":"","neve_meta_author_avatar":"","neve_post_elements_order":"","neve_meta_disable_header":"","neve_meta_disable_footer":"","neve_meta_disable_title":"","footnotes":""},"categories":[14],"tags":[],"class_list":["post-293","post","type-post","status-publish","format-standard","has-post-thumbnail","hentry","category-komfort"],"_links":{"self":[{"href":"https:\/\/tello.pl\/en\/wp-json\/wp\/v2\/posts\/293","targetHints":{"allow":["GET"]}}],"collection":[{"href":"https:\/\/tello.pl\/en\/wp-json\/wp\/v2\/posts"}],"about":[{"href":"https:\/\/tello.pl\/en\/wp-json\/wp\/v2\/types\/post"}],"author":[{"embeddable":true,"href":"https:\/\/tello.pl\/en\/wp-json\/wp\/v2\/users\/2"}],"replies":[{"embeddable":true,"href":"https:\/\/tello.pl\/en\/wp-json\/wp\/v2\/comments?post=293"}],"version-history":[{"count":6,"href":"https:\/\/tello.pl\/en\/wp-json\/wp\/v2\/posts\/293\/revisions"}],"predecessor-version":[{"id":306,"href":"https:\/\/tello.pl\/en\/wp-json\/wp\/v2\/posts\/293\/revisions\/306"}],"wp:featuredmedia":[{"embeddable":true,"href":"https:\/\/tello.pl\/en\/wp-json\/wp\/v2\/media\/303"}],"wp:attachment":[{"href":"https:\/\/tello.pl\/en\/wp-json\/wp\/v2\/media?parent=293"}],"wp:term":[{"taxonomy":"category","embeddable":true,"href":"https:\/\/tello.pl\/en\/wp-json\/wp\/v2\/categories?post=293"},{"taxonomy":"post_tag","embeddable":true,"href":"https:\/\/tello.pl\/en\/wp-json\/wp\/v2\/tags?post=293"}],"curies":[{"name":"wp","href":"https:\/\/api.w.org\/{rel}","templated":true}]}}