{"id":380,"date":"2024-12-31T13:48:22","date_gmt":"2024-12-31T12:48:22","guid":{"rendered":"https:\/\/tello.pl\/?p=380"},"modified":"2024-12-31T13:48:22","modified_gmt":"2024-12-31T12:48:22","slug":"mala-suszarka-na-pranie-i-deska-do-prasowania-do-akademika-must-have-dla-malej-przestrzeni","status":"publish","type":"post","link":"https:\/\/tello.pl\/en\/2024\/12\/31\/mala-suszarka-na-pranie-i-deska-do-prasowania-do-akademika-must-have-dla-malej-przestrzeni\/","title":{"rendered":"Ma\u0142a suszarka na pranie i deska do prasowania do akademika \u2013 must have dla ma\u0142ej przestrzeni"},"content":{"rendered":"<p><strong>Gdy rozpoczynamy nowy etap \u017cycia i wprowadzamy si\u0119 do akademika, cz\u0119sto zadajemy sobie pytanie: jakie akcesoria s\u0105 niezb\u0119dne, by codzienne \u017cycie w niewielkim pokoju by\u0142o funkcjonalne i komfortowe? Dzi\u015b skupimy si\u0119 na dw\u00f3ch podstawowych elementach, kt\u00f3re powinny znale\u017a\u0107 si\u0119 w ka\u017cdej studenckiej przestrzeni: suszarce na pranie i desce do prasowania.<\/strong><\/p>\n\n\n\n<h2 class=\"wp-block-heading\"><strong>Dlaczego suszarka na pranie to podstawa?<\/strong><\/h2>\n\n\n\n<p>Pranie jest nieod\u0142\u0105czn\u0105 cz\u0119\u015bci\u0105 codzienno\u015bci, jednak mo\u017cliwo\u015bci suszenia odzie\u017cy w akademikach s\u0105 cz\u0119sto bardzo ograniczone i pozostawiaj\u0105 wiele do \u017cyczenia. Wsp\u00f3lne pralnie zazwyczaj nie oferuj\u0105 suszarek b\u0119bnowych, a rozwieszanie ubra\u0144 na przypadkowych powierzchniach mo\u017ce by\u0107 niepraktyczne i ma\u0142o higieniczne. <a href=\"https:\/\/tello.com.pl\/s\/9\/suszarka-na-pranie-i-deska-do-prasowania-do-akademika\">Kompaktowa suszarka na pranie<\/a> to idealne rozwi\u0105zanie dla studenta. Taka suszarka zajmuje niewiele miejsca zar\u00f3wno w pozycji roz\u0142o\u017conej, jak i po z\u0142o\u017ceniu.<\/p>\n\n\n<div class=\"wp-block-image\">\n<figure class=\"aligncenter size-full\"><img loading=\"lazy\" decoding=\"async\" width=\"250\" height=\"250\" src=\"http:\/\/tello.pl\/wp-content\/uploads\/2024\/12\/mala-suszarka-na-pranie_rose.webp\" alt=\"Ma\u0142a suszarka na pranie z haczykiem\" class=\"wp-image-371\" srcset=\"https:\/\/tello.pl\/wp-content\/uploads\/2024\/12\/mala-suszarka-na-pranie_rose.webp 250w, https:\/\/tello.pl\/wp-content\/uploads\/2024\/12\/mala-suszarka-na-pranie_rose-150x150.webp 150w, https:\/\/tello.pl\/wp-content\/uploads\/2024\/12\/mala-suszarka-na-pranie_rose-12x12.webp 12w\" sizes=\"auto, (max-width: 250px) 100vw, 250px\" \/><\/figure>\n<\/div>\n\n\n<p>Wybieraj\u0105c suszark\u0119, warto zwr\u00f3ci\u0107 uwag\u0119 na modele sk\u0142adane wyposa\u017cone w haczyk do powieszenia. Takie modele po z\u0142o\u017ceniu mo\u017cna wygodnie powiesi\u0107 np. w szafie, albo wsun\u0105\u0107 pod \u0142\u00f3\u017cko lub za inny mebel. <\/p>\n\n\n<div class=\"wp-block-image\">\n<figure class=\"aligncenter size-large is-resized\"><img loading=\"lazy\" decoding=\"async\" width=\"1024\" height=\"576\" src=\"http:\/\/tello.pl\/wp-content\/uploads\/2024\/12\/Projekt-bez-nazwy-_1_-1024x576.webp\" alt=\"Ma\u0142a suszarka montowana na drzwi. Rozmiary i haczyki do powieszenia.\" class=\"wp-image-388\" style=\"width:458px;height:auto\" srcset=\"https:\/\/tello.pl\/wp-content\/uploads\/2024\/12\/Projekt-bez-nazwy-_1_-1024x576.webp 1024w, https:\/\/tello.pl\/wp-content\/uploads\/2024\/12\/Projekt-bez-nazwy-_1_-300x169.webp 300w, https:\/\/tello.pl\/wp-content\/uploads\/2024\/12\/Projekt-bez-nazwy-_1_-768x432.webp 768w, https:\/\/tello.pl\/wp-content\/uploads\/2024\/12\/Projekt-bez-nazwy-_1_-1536x864.webp 1536w, https:\/\/tello.pl\/wp-content\/uploads\/2024\/12\/Projekt-bez-nazwy-_1_-2048x1152.webp 2048w, https:\/\/tello.pl\/wp-content\/uploads\/2024\/12\/Projekt-bez-nazwy-_1_-18x10.webp 18w\" sizes=\"auto, (max-width: 1024px) 100vw, 1024px\" \/><\/figure>\n<\/div>\n\n\n<p>Dobrze sprawdzaj\u0105 si\u0119 tak\u017ce <a href=\"https:\/\/tello.com.pl\/suszarki-na-pranie\/159-suszarka-na-pranie-montowana-na-drzwi-rorets-entry-7315542923018.html\">suszarki montowane na kaloryfer lub drzwi<\/a> \u2013 te drugie oferuj\u0105 r\u00f3wnie\u017c dodatkowe uchwyty na wieszaki, co pozwala na maksymalne wykorzystanie przestrzeni.<\/p>\n\n\n<div class=\"wp-block-image\">\n<figure class=\"aligncenter size-full\"><img loading=\"lazy\" decoding=\"async\" width=\"248\" height=\"411\" src=\"http:\/\/tello.pl\/wp-content\/uploads\/2024\/12\/suszarka-na-drzwi_zlozona-e1735647119710.webp\" alt=\"Suszarka na pranie do powieszenia na drzwi.\" class=\"wp-image-385\" srcset=\"https:\/\/tello.pl\/wp-content\/uploads\/2024\/12\/suszarka-na-drzwi_zlozona-e1735647119710.webp 248w, https:\/\/tello.pl\/wp-content\/uploads\/2024\/12\/suszarka-na-drzwi_zlozona-e1735647119710-181x300.webp 181w, https:\/\/tello.pl\/wp-content\/uploads\/2024\/12\/suszarka-na-drzwi_zlozona-e1735647119710-7x12.webp 7w\" sizes=\"auto, (max-width: 248px) 100vw, 248px\" \/><\/figure>\n<\/div>\n\n\n<h2 class=\"wp-block-heading\"><strong>Deska do prasowania \u2013 czy to naprawd\u0119 konieczne?<\/strong><\/h2>\n\n\n\n<p>Cho\u0107 prasowanie mo\u017ce wydawa\u0107 si\u0119 ma\u0142o istotne dla zabieganych student\u00f3w, to jednak odpowiednio wyprasowana koszula czy spodnie mog\u0105 zrobi\u0107 du\u017ce wra\u017cenie na rozmowie kwalifikacyjnej lub podczas wa\u017cnej prezentacji. Wybieraj\u0105c <a href=\"https:\/\/tello.com.pl\/s\/9\/suszarka-na-pranie-i-deska-do-prasowania-do-akademika\">desk\u0119 do prasowania do akademika<\/a>, najlepiej zdecydowa\u0107 si\u0119 na ma\u0142y model \u2013 lekki, kompaktowy i \u0142atwy w przechowywaniu. <\/p>\n\n\n\n<p><\/p>\n\n\n<div class=\"wp-block-image\">\n<figure class=\"aligncenter size-large is-resized\"><img loading=\"lazy\" decoding=\"async\" width=\"1024\" height=\"576\" src=\"http:\/\/tello.pl\/wp-content\/uploads\/2024\/09\/deska-i-grafika-1024x576.webp\" alt=\"Ma\u0142a deska do prasowani i grafika pokazuj\u0105ca sk\u0142adanie i odwieszanie deski do szafy.\" class=\"wp-image-299\" style=\"width:646px;height:auto\" srcset=\"https:\/\/tello.pl\/wp-content\/uploads\/2024\/09\/deska-i-grafika-1024x576.webp 1024w, https:\/\/tello.pl\/wp-content\/uploads\/2024\/09\/deska-i-grafika-300x169.webp 300w, https:\/\/tello.pl\/wp-content\/uploads\/2024\/09\/deska-i-grafika-768x432.webp 768w, https:\/\/tello.pl\/wp-content\/uploads\/2024\/09\/deska-i-grafika-1536x864.webp 1536w, https:\/\/tello.pl\/wp-content\/uploads\/2024\/09\/deska-i-grafika-2048x1152.webp 2048w, https:\/\/tello.pl\/wp-content\/uploads\/2024\/09\/deska-i-grafika-18x10.webp 18w\" sizes=\"auto, (max-width: 1024px) 100vw, 1024px\" \/><\/figure>\n<\/div>\n\n\n<p>Na rynku dost\u0119pne s\u0105 modele, kt\u00f3re dzi\u0119ki przemy\u015blanej konstrukcji n\u00f3g po z\u0142o\u017ceniu zajmuj\u0105 wyj\u0105tkowo ma\u0142o miejsca. Oferuj\u0105 blat o rozmiarze 30&nbsp;\u00d7&nbsp;85 cm, kt\u00f3ry pozwala na wygodne prasowania koszul, a po z\u0142o\u017ceniu mieszcz\u0105 si\u0119 w wi\u0119kszo\u015bci szaf, w kt\u00f3rych \u2013 dzi\u0119ki dodatkowemu haczykowi \u2013 mo\u017cna je wygodnie powiesi\u0107 na belce na wieszaki.<\/p>\n\n\n\n<h2 class=\"wp-block-heading\"><strong>Praktyczne porady dla studenta<\/strong><\/h2>\n\n\n\n<ol start=\"1\" class=\"wp-block-list\">\n<li><strong>Optymalizacja przestrzeni<\/strong> \u2013 akademik to miejsce, gdzie ka\u017cdy centymetr ma znaczenie. Wybieraj produkty wielofunkcyjne lub sk\u0142adane.<\/li>\n\n\n\n<li><strong>Materia\u0142y wysokiej jako\u015bci<\/strong> \u2013 zar\u00f3wno suszarka, jak i deska powinny by\u0107 wykonane z trwa\u0142ych materia\u0142\u00f3w, by wytrzyma\u0142y intensywne u\u017cytkowanie podczas trwania studi\u00f3w.<\/li>\n\n\n\n<li><strong>Bud\u017cet<\/strong> \u2013 warto szuka\u0107 dobrych ofert, kt\u00f3re oferuj\u0105 jako\u015bciowe produkty za przyst\u0119pn\u0105 cen\u0119.<\/li>\n<\/ol>\n\n\n<div class=\"wp-block-image\">\n<figure class=\"aligncenter size-full is-resized\"><img loading=\"lazy\" decoding=\"async\" width=\"2560\" height=\"1706\" src=\"http:\/\/tello.pl\/wp-content\/uploads\/2024\/12\/akademik_dziewczyna-przy-biurku-scaled.webp\" alt=\"Akademik. Studentka przy biurku zastanawia si\u0119, jak\u0105 ma\u0142\u0105 desk\u0119 do prasowania i suszark\u0119 na pranie wybra\u0107.\" class=\"wp-image-382\" style=\"width:332px;height:auto\" srcset=\"https:\/\/tello.pl\/wp-content\/uploads\/2024\/12\/akademik_dziewczyna-przy-biurku-scaled.webp 2560w, https:\/\/tello.pl\/wp-content\/uploads\/2024\/12\/akademik_dziewczyna-przy-biurku-300x200.webp 300w, https:\/\/tello.pl\/wp-content\/uploads\/2024\/12\/akademik_dziewczyna-przy-biurku-1024x683.webp 1024w, https:\/\/tello.pl\/wp-content\/uploads\/2024\/12\/akademik_dziewczyna-przy-biurku-768x512.webp 768w, https:\/\/tello.pl\/wp-content\/uploads\/2024\/12\/akademik_dziewczyna-przy-biurku-1536x1024.webp 1536w, https:\/\/tello.pl\/wp-content\/uploads\/2024\/12\/akademik_dziewczyna-przy-biurku-2048x1365.webp 2048w, https:\/\/tello.pl\/wp-content\/uploads\/2024\/12\/akademik_dziewczyna-przy-biurku-18x12.webp 18w, https:\/\/tello.pl\/wp-content\/uploads\/2024\/12\/akademik_dziewczyna-przy-biurku-930x620.webp 930w\" sizes=\"auto, (max-width: 2560px) 100vw, 2560px\" \/><\/figure>\n<\/div>\n\n\n<p>Suszarka na pranie i deska do prasowania do akademika to niedoceniane, ale niezwykle praktyczne akcesoria, kt\u00f3re u\u0142atwiaj\u0105 \u017cycie w ma\u0142ej przestrzeni. Ich wyb\u00f3r powinien by\u0107 przemy\u015blany \u2013 <a href=\"https:\/\/tello.com.pl\/s\/9\/suszarka-na-pranie-i-deska-do-prasowania-do-akademika\">kompaktowe rozmiary<\/a>, funkcjonalno\u015b\u0107 i jako\u015b\u0107 wykonania to kluczowe kryteria. Dzi\u0119ki nim ka\u017cdy student mo\u017ce cieszy\u0107 si\u0119 porz\u0105dkiem i zadbanym wygl\u0105dem, co z pewno\u015bci\u0105 prze\u0142o\u017cy si\u0119 na lepsze samopoczucie i powodzenie zar\u00f3wno na uczelni, jak i w \u017cyciu prywatnym.<\/p>\n\n\n\n<p><\/p>","protected":false},"excerpt":{"rendered":"<p>Gdy rozpoczynamy nowy etap \u017cycia i wprowadzamy si\u0119 do akademika, cz\u0119sto zadajemy sobie pytanie: jakie akcesoria s\u0105 niezb\u0119dne, by codzienne \u017cycie w niewielkim pokoju by\u0142o funkcjonalne i komfortowe? Dzi\u015b skupimy si\u0119 na dw\u00f3ch podstawowych elementach, kt\u00f3re powinny znale\u017a\u0107 si\u0119 w ka\u017cdej studenckiej przestrzeni: suszarce na pranie i desce do prasowania. Dlaczego suszarka na pranie to&hellip;&nbsp;<a href=\"https:\/\/tello.pl\/en\/2024\/12\/31\/mala-suszarka-na-pranie-i-deska-do-prasowania-do-akademika-must-have-dla-malej-przestrzeni\/\" class=\"\" rel=\"bookmark\">Read More &raquo;<span class=\"screen-reader-text\">Ma\u0142a suszarka na pranie i deska do prasowania do akademika \u2013 must have dla ma\u0142ej przestrzeni<\/span><\/a><\/p>","protected":false},"author":2,"featured_media":383,"comment_status":"open","ping_status":"open","sticky":false,"template":"","format":"standard","meta":{"neve_meta_sidebar":"","neve_meta_container":"","neve_meta_enable_content_width":"","neve_meta_content_width":0,"neve_meta_title_alignment":"","neve_meta_author_avatar":"","neve_post_elements_order":"","neve_meta_disable_header":"","neve_meta_disable_footer":"","neve_meta_disable_title":"","footnotes":""},"categories":[14],"tags":[],"class_list":["post-380","post","type-post","status-publish","format-standard","has-post-thumbnail","hentry","category-komfort"],"_links":{"self":[{"href":"https:\/\/tello.pl\/en\/wp-json\/wp\/v2\/posts\/380","targetHints":{"allow":["GET"]}}],"collection":[{"href":"https:\/\/tello.pl\/en\/wp-json\/wp\/v2\/posts"}],"about":[{"href":"https:\/\/tello.pl\/en\/wp-json\/wp\/v2\/types\/post"}],"author":[{"embeddable":true,"href":"https:\/\/tello.pl\/en\/wp-json\/wp\/v2\/users\/2"}],"replies":[{"embeddable":true,"href":"https:\/\/tello.pl\/en\/wp-json\/wp\/v2\/comments?post=380"}],"version-history":[{"count":2,"href":"https:\/\/tello.pl\/en\/wp-json\/wp\/v2\/posts\/380\/revisions"}],"predecessor-version":[{"id":390,"href":"https:\/\/tello.pl\/en\/wp-json\/wp\/v2\/posts\/380\/revisions\/390"}],"wp:featuredmedia":[{"embeddable":true,"href":"https:\/\/tello.pl\/en\/wp-json\/wp\/v2\/media\/383"}],"wp:attachment":[{"href":"https:\/\/tello.pl\/en\/wp-json\/wp\/v2\/media?parent=380"}],"wp:term":[{"taxonomy":"category","embeddable":true,"href":"https:\/\/tello.pl\/en\/wp-json\/wp\/v2\/categories?post=380"},{"taxonomy":"post_tag","embeddable":true,"href":"https:\/\/tello.pl\/en\/wp-json\/wp\/v2\/tags?post=380"}],"curies":[{"name":"wp","href":"https:\/\/api.w.org\/{rel}","templated":true}]}}